{"id":15646,"date":"2023-05-12T09:37:26","date_gmt":"2023-05-12T09:37:26","guid":{"rendered":"https:\/\/www.inprogroup.net\/?p=15646"},"modified":"2024-12-05T13:36:32","modified_gmt":"2024-12-05T13:36:32","slug":"inpro-au-madrid-tech-show","status":"publish","type":"post","link":"https:\/\/www.inprord.com\/fr\/inpro-au-madrid-tech-show\/","title":{"rendered":"Inpro au Madrid Tech Show"},"content":{"rendered":"<p>[et_pb_section fb_built=&#8221;1&#8243; admin_label=&#8221;section&#8221; _builder_version=&#8221;4.16&#8243; global_colors_info=&#8221;{}&#8221;][et_pb_row admin_label=&#8221;row&#8221; _builder_version=&#8221;4.16&#8243; background_size=&#8221;initial&#8221; background_position=&#8221;top_left&#8221; background_repeat=&#8221;repeat&#8221; global_colors_info=&#8221;{}&#8221;][et_pb_column type=&#8221;4_4&#8243; _builder_version=&#8221;4.16&#8243; custom_padding=&#8221;|||&#8221; global_colors_info=&#8221;{}&#8221; custom_padding__hover=&#8221;|||&#8221;][et_pb_text admin_label=&#8221;Text&#8221; _builder_version=&#8221;4.20.4&#8243; background_size=&#8221;initial&#8221; background_position=&#8221;top_left&#8221; background_repeat=&#8221;repeat&#8221; global_colors_info=&#8221;{}&#8221;]<\/p>\n<p><span data-contrast=\"none\">R\u00e9cemment, plusieurs de nos coll\u00e8gues ont assist\u00e9 au <a href=\"https:\/\/www.madridtechshow.es\/\" target=\"_blank\" rel=\"noopener\">Madrid Tech Show<\/a>, le salon de r\u00e9f\u00e9rence pour les gestionnaires et les professionnels des secteurs du cloud, de la cybers\u00e9curit\u00e9, du Big Data, de l\u2019IA, des Data Centers, du commerce \u00e9lectronique et du marketing num\u00e9rique.<\/span><span data-ccp-props=\"{&quot;134233117&quot;:false,&quot;134233118&quot;:false,&quot;201341983&quot;:0,&quot;335559738&quot;:0,&quot;335559739&quot;:0,&quot;335559740&quot;:240}\">\u00a0<\/span><\/p>\n<p><span data-contrast=\"none\">Parmi les nombreuses autres pr\u00e9sentations int\u00e9ressantes, nous aimerions souligner celle donn\u00e9e par Ra\u00fal Campos, Senior Manager IBX Operations d\u2019Equinix, sur les piliers de la construction durable de datacentres et celle donn\u00e9e par Francisco Porras de la Data Center Business Unit (MERLIN Properties) sur les datacentres neutres en carbone avec z\u00e9ro consommation d\u2019eau. Les deux traitaient de questions sur la fa\u00e7on de r\u00e9duire la consommation excessive d\u2019\u00e9lectricit\u00e9 et d\u2019eau des centres de donn\u00e9es.<\/span><span data-ccp-props=\"{&quot;134233117&quot;:false,&quot;134233118&quot;:false,&quot;201341983&quot;:0,&quot;335559738&quot;:0,&quot;335559739&quot;:0,&quot;335559740&quot;:240}\">\u00a0<\/span><\/p>\n<p><span data-contrast=\"none\">Les deux traitaient de questions sur la fa\u00e7on de r\u00e9duire la consommation excessive d\u2019\u00e9lectricit\u00e9 et d\u2019eau des centres de donn\u00e9es. Ce secteur se d\u00e9veloppe \u00e0 un rythme vertigineux et le moment est venu de mettre en place des mesures pour optimiser ses besoins en \u00e9nergie et en ressources afin d\u2019acc\u00e9l\u00e9rer la transition \u00e9cologique en termes d\u2019efficacit\u00e9 et de durabilit\u00e9.<\/span><span data-ccp-props=\"{&quot;134233117&quot;:false,&quot;134233118&quot;:false,&quot;201341983&quot;:0,&quot;335559738&quot;:0,&quot;335559739&quot;:0,&quot;335559740&quot;:240}\">\u00a0<\/span><\/p>\n<p><span data-contrast=\"none\">Pour nous, les centres de donn\u00e9es sont un type d\u2019installation cl\u00e9 et nous travaillons \u00e0 prendre des mesures, en particulier gr\u00e2ce \u00e0 des carburants renouvelables tels que le HVO, qui aident \u00e0 \u00e9viter le \u00ab\u202fgaspillage\u202f\u00bb d\u2019\u00e9nergie et continuent \u00e0 apporter des avantages \u00e0 tous, mais sans co\u00fbt pour l\u2019\u00e9cosyst\u00e8me.<\/span><span data-ccp-props=\"{&quot;134233117&quot;:false,&quot;134233118&quot;:false,&quot;201341983&quot;:0,&quot;335559738&quot;:0,&quot;335559739&quot;:0,&quot;335559740&quot;:240}\">\u00a0<\/span><\/p>\n<p><span data-contrast=\"none\">Si vous souhaitez en savoir plus \u00e0 ce sujet, <a href=\"https:\/\/www.inprord.com\/contacto\/ \" target=\"_blank\" rel=\"noopener\">contactez-nous<\/a>.<\/span><span data-ccp-props=\"{&quot;134233117&quot;:false,&quot;134233118&quot;:false,&quot;201341983&quot;:0,&quot;335559738&quot;:0,&quot;335559739&quot;:0,&quot;335559740&quot;:240}\">\u00a0<\/span><\/p>\n<p>[\/et_pb_text][\/et_pb_column][\/et_pb_row][\/et_pb_section]<\/p>\n","protected":false},"excerpt":{"rendered":"<p>R\u00e9cemment, plusieurs de nos coll\u00e8gues ont assist\u00e9 au Madrid Tech Show, le salon de r\u00e9f\u00e9rence pour les gestionnaires et les professionnels des secteurs du cloud, de la cybers\u00e9curit\u00e9, du Big Data, de l\u2019IA, des Data Centers, du commerce \u00e9lectronique et du marketing num\u00e9rique.\u00a0 Parmi les nombreuses autres pr\u00e9sentations int\u00e9ressantes, nous aimerions souligner celle donn\u00e9e par [&hellip;]<\/p>\n","protected":false},"author":1,"featured_media":15428,"comment_status":"closed","ping_status":"closed","sticky":false,"template":"","format":"standard","meta":{"_acf_changed":false,"_et_pb_use_builder":"on","_et_pb_old_content":"<span data-contrast=\"none\">R\u00e9cemment, plusieurs de nos coll\u00e8gues ont assist\u00e9 au Madrid Tech Show, le salon de r\u00e9f\u00e9rence pour les gestionnaires et les professionnels des secteurs du cloud, de la cybers\u00e9curit\u00e9, du Big Data, de l\u2019IA, des Data Centers, du commerce \u00e9lectronique et du marketing num\u00e9rique.<\/span><span data-ccp-props=\"{\"134233117\":false,\"134233118\":false,\"201341983\":0,\"335559738\":0,\"335559739\":0,\"335559740\":240}\">\u00a0<\/span>\r\n\r\n<span data-contrast=\"none\">Parmi les nombreuses autres pr\u00e9sentations int\u00e9ressantes, nous aimerions souligner celle donn\u00e9e par Ra\u00fal Campos, Senior Manager IBX Operations d\u2019Equinix, sur les piliers de la construction durable de datacentres et celle donn\u00e9e par Francisco Porras de la Data Center Business Unit (MERLIN Properties) sur les datacentres neutres en carbone avec z\u00e9ro consommation d\u2019eau. Les deux traitaient de questions sur la fa\u00e7on de r\u00e9duire la consommation excessive d\u2019\u00e9lectricit\u00e9 et d\u2019eau des centres de donn\u00e9es.<\/span><span data-ccp-props=\"{\"134233117\":false,\"134233118\":false,\"201341983\":0,\"335559738\":0,\"335559739\":0,\"335559740\":240}\">\u00a0<\/span>\r\n\r\n<span data-contrast=\"none\">Les deux traitaient de questions sur la fa\u00e7on de r\u00e9duire la consommation excessive d\u2019\u00e9lectricit\u00e9 et d\u2019eau des centres de donn\u00e9es. Ce secteur se d\u00e9veloppe \u00e0 un rythme vertigineux et le moment est venu de mettre en place des mesures pour optimiser ses besoins en \u00e9nergie et en ressources afin d\u2019acc\u00e9l\u00e9rer la transition \u00e9cologique en termes d\u2019efficacit\u00e9 et de durabilit\u00e9.<\/span><span data-ccp-props=\"{\"134233117\":false,\"134233118\":false,\"201341983\":0,\"335559738\":0,\"335559739\":0,\"335559740\":240}\">\u00a0<\/span>\r\n\r\n<span data-contrast=\"none\">Pour nous, les centres de donn\u00e9es sont un type d\u2019installation cl\u00e9 et nous travaillons \u00e0 prendre des mesures, en particulier gr\u00e2ce \u00e0 des carburants renouvelables tels que le HVO, qui aident \u00e0 \u00e9viter le \u00ab\u202fgaspillage\u202f\u00bb d\u2019\u00e9nergie et continuent \u00e0 apporter des avantages \u00e0 tous, mais sans co\u00fbt pour l\u2019\u00e9cosyst\u00e8me.<\/span><span data-ccp-props=\"{\"134233117\":false,\"134233118\":false,\"201341983\":0,\"335559738\":0,\"335559739\":0,\"335559740\":240}\">\u00a0<\/span>\r\n\r\n<span data-contrast=\"none\">Si vous souhaitez en savoir plus \u00e0 ce sujet, contactez-nous.<\/span><span data-ccp-props=\"{\"134233117\":false,\"134233118\":false,\"201341983\":0,\"335559738\":0,\"335559739\":0,\"335559740\":240}\">\u00a0<\/span>","_et_gb_content_width":"","footnotes":""},"categories":[328],"tags":[],"class_list":["post-15646","post","type-post","status-publish","format-standard","has-post-thumbnail","hentry","category-eventos-fr"],"acf":[],"_links":{"self":[{"href":"https:\/\/www.inprord.com\/fr\/wp-json\/wp\/v2\/posts\/15646","targetHints":{"allow":["GET"]}}],"collection":[{"href":"https:\/\/www.inprord.com\/fr\/wp-json\/wp\/v2\/posts"}],"about":[{"href":"https:\/\/www.inprord.com\/fr\/wp-json\/wp\/v2\/types\/post"}],"author":[{"embeddable":true,"href":"https:\/\/www.inprord.com\/fr\/wp-json\/wp\/v2\/users\/1"}],"replies":[{"embeddable":true,"href":"https:\/\/www.inprord.com\/fr\/wp-json\/wp\/v2\/comments?post=15646"}],"version-history":[{"count":4,"href":"https:\/\/www.inprord.com\/fr\/wp-json\/wp\/v2\/posts\/15646\/revisions"}],"predecessor-version":[{"id":15650,"href":"https:\/\/www.inprord.com\/fr\/wp-json\/wp\/v2\/posts\/15646\/revisions\/15650"}],"wp:featuredmedia":[{"embeddable":true,"href":"https:\/\/www.inprord.com\/fr\/wp-json\/wp\/v2\/media\/15428"}],"wp:attachment":[{"href":"https:\/\/www.inprord.com\/fr\/wp-json\/wp\/v2\/media?parent=15646"}],"wp:term":[{"taxonomy":"category","embeddable":true,"href":"https:\/\/www.inprord.com\/fr\/wp-json\/wp\/v2\/categories?post=15646"},{"taxonomy":"post_tag","embeddable":true,"href":"https:\/\/www.inprord.com\/fr\/wp-json\/wp\/v2\/tags?post=15646"}],"curies":[{"name":"wp","href":"https:\/\/api.w.org\/{rel}","templated":true}]}}