{"id":15923,"date":"2023-05-09T10:43:09","date_gmt":"2023-05-09T10:43:09","guid":{"rendered":"https:\/\/www.inprogroup.net\/?p=15923"},"modified":"2024-12-05T13:35:21","modified_gmt":"2024-12-05T13:35:21","slug":"inpro-a-escoferia-gijon","status":"publish","type":"post","link":"https:\/\/www.inprord.com\/fr\/inpro-a-escoferia-gijon\/","title":{"rendered":"Inpro \u00e0 Escoferia Gij\u00f3n : le salon des installateurs leader sur le march\u00e9"},"content":{"rendered":"<p>[et_pb_section fb_built=&#8221;1&#8243; admin_label=&#8221;section&#8221; _builder_version=&#8221;4.16&#8243; global_colors_info=&#8221;{}&#8221;][et_pb_row admin_label=&#8221;row&#8221; _builder_version=&#8221;4.16&#8243; background_size=&#8221;initial&#8221; background_position=&#8221;top_left&#8221; background_repeat=&#8221;repeat&#8221; global_colors_info=&#8221;{}&#8221;][et_pb_column type=&#8221;4_4&#8243; _builder_version=&#8221;4.16&#8243; custom_padding=&#8221;|||&#8221; global_colors_info=&#8221;{}&#8221; custom_padding__hover=&#8221;|||&#8221;][et_pb_text _builder_version=&#8221;4.20.4&#8243; _module_preset=&#8221;default&#8221; global_colors_info=&#8221;{}&#8221;]<\/p>\n<p><span data-contrast=\"auto\" xml:lang=\"FR-FR\" lang=\"FR-FR\" class=\"TextRun SCXW16399672 BCX0\"><span class=\"NormalTextRun SCXW16399672 BCX0\">Nouvelle grande exp\u00e9rience dans le #Escoferia <\/span><span class=\"NormalTextRun SCXW16399672 BCX0\">Gij\u00f3n!<\/span><\/span><\/p>\n<p><span class=\"LineBreakBlob BlobObject DragDrop SCXW16399672 BCX0\"><\/span><span data-contrast=\"auto\" xml:lang=\"FR-FR\" lang=\"FR-FR\" class=\"TextRun SCXW16399672 BCX0\"><a href=\"https:\/\/escoferia.es\/\"><span class=\"NormalTextRun SCXW16399672 BCX0\">EscoFeria<\/span><\/a><span class=\"NormalTextRun SCXW16399672 BCX0\"> est l\u2019un des salons les plus importants du secteur de l\u2019installation. Depuis 2018, il s\u2019est d\u00e9plac\u00e9 dans la g\u00e9ographie espagnole et compte des exposants de renomm\u00e9e sectorielle marqu\u00e9e. Chez <\/span><span class=\"NormalTextRun SpellingErrorV2Themed SCXW16399672 BCX0\">Inpro<\/span><span class=\"NormalTextRun SCXW16399672 BCX0\">, nous sommes tr\u00e8s heureux\u00a0 d&#8217;avoir pu participer \u00e0 apr\u00e8s le salon de r\u00e9f\u00e9rence en mati\u00e8re d&#8217;installation sur le march\u00e9, qui organise chaque ann\u00e9e notre ami-collaborateur client<a href=\"https:\/\/www.linkedin.com\/company\/salvadorescoda\/\"> Salvador <\/a><\/span><a href=\"https:\/\/www.linkedin.com\/company\/salvadorescoda\/\"><span class=\"NormalTextRun SpellingErrorV2Themed SCXW16399672 BCX0\">Escoda <\/span><\/a><span class=\"NormalTextRun SCXW16399672 BCX0\"><a href=\"https:\/\/www.linkedin.com\/company\/salvadorescoda\/\">S.A<\/a>. dans le Palacio de <\/span><span class=\"NormalTextRun SpellingErrorV2Themed SCXW16399672 BCX0\">Congresos<\/span><span class=\"NormalTextRun SCXW16399672 BCX0\"> de Gij\u00f3n. Une journ\u00e9e int\u00e9ressante, o\u00f9 notre d\u00e9l\u00e9gu\u00e9 commercial Luis <\/span><span class=\"NormalTextRun SpellingErrorV2Themed SCXW16399672 BCX0\">Sutil<\/span><span class=\"NormalTextRun SCXW16399672 BCX0\"> a eu l\u2019occasion de discuter sur notre stand avec des coll\u00e8gues, des clients, des distributeurs et des installateurs. Nous pr\u00e9sentons \u00e9galement notre \u00e9quipe de produits et de solutions \u00e9nerg\u00e9tiques, ainsi que les nouveaut\u00e9s de cette ann\u00e9e et les possibilit\u00e9s que nous avons avec le HVO. <\/span><\/span><\/p>\n<p><span data-contrast=\"auto\" xml:lang=\"FR-FR\" lang=\"FR-FR\" class=\"TextRun SCXW16399672 BCX0\"><span class=\"NormalTextRun SCXW16399672 BCX0\">Et la semaine prochaine, le 18 mai, nous sommes \u00e0 l\u2019<\/span><span class=\"NormalTextRun SpellingErrorV2Themed SCXW16399672 BCX0\">Escoferia<\/span><span class=\"NormalTextRun SCXW16399672 BCX0\"> de Madrid !<\/span><\/span><span class=\"EOP SCXW16399672 BCX0\" data-ccp-props=\"{&quot;201341983&quot;:0,&quot;335559739&quot;:160,&quot;335559740&quot;:259}\">\u00a0<\/span><\/p>\n<p>[\/et_pb_text][\/et_pb_column][\/et_pb_row][et_pb_row _builder_version=&#8221;4.20.4&#8243; _module_preset=&#8221;default&#8221; global_colors_info=&#8221;{}&#8221;][et_pb_column type=&#8221;4_4&#8243; _builder_version=&#8221;4.20.4&#8243; _module_preset=&#8221;default&#8221; global_colors_info=&#8221;{}&#8221;][et_pb_gallery gallery_ids=&#8221;15621,15615,15608,15618,15602,15599,15596,15605&#8243; show_title_and_caption=&#8221;off&#8221; _builder_version=&#8221;4.20.4&#8243; _module_preset=&#8221;default&#8221; global_colors_info=&#8221;{}&#8221;][\/et_pb_gallery][et_pb_text _builder_version=&#8221;4.20.4&#8243; _module_preset=&#8221;default&#8221; global_colors_info=&#8221;{}&#8221;]<\/p>\n<p><span data-contrast=\"auto\" xml:lang=\"FR-FR\" lang=\"FR-FR\" class=\"TextRun SCXW197703621 BCX0\"><a href=\"https:\/\/www.linkedin.com\/company\/salvadorescoda\/\"><span class=\"NormalTextRun SCXW197703621 BCX0\">Salvador <\/span><span class=\"NormalTextRun SpellingErrorV2Themed SCXW197703621 BCX0\">Escoda<\/span><\/a><span class=\"NormalTextRun SCXW197703621 BCX0\"><a href=\"https:\/\/www.linkedin.com\/company\/salvadorescoda\/\">\u00a0S.A<\/a>. a obtenu une participation r\u00e9ussie en convoquant plus de <strong>700 personnes<\/strong> \u00e0 la premi\u00e8re \u00e9dition de son <\/span><span class=\"NormalTextRun SpellingErrorV2Themed SCXW197703621 BCX0\">EscoFeria<\/span><span class=\"NormalTextRun SCXW197703621 BCX0\"> au Palacio de <\/span><span class=\"NormalTextRun SpellingErrorV2Themed SCXW197703621 BCX0\">Congresos<\/span><span class=\"NormalTextRun SCXW197703621 BCX0\"> de Gij\u00f3n.<\/span><\/span><\/p>\n<p><span data-contrast=\"auto\" xml:lang=\"FR-FR\" lang=\"FR-FR\" class=\"TextRun SCXW197703621 BCX0\"><span class=\"NormalTextRun SCXW197703621 BCX0\"> L\u2019\u00e9v\u00e9nement, qui a eu lieu jeudi dernier, le 4 mai dans cette ville asturienne, a r\u00e9uni plus de 40 exposants du secteur de l\u2019installation et de l\u2019association <\/span><a href=\"https:\/\/afoncasa.org\/\"><span class=\"NormalTextRun SpellingErrorV2Themed SCXW197703621 BCX0\">Afoncasa<\/span><\/a><span class=\"NormalTextRun SCXW197703621 BCX0\">. Parmi les participants figuraient des installateurs, de futurs installateurs, des professionnels techniques et des prescripteurs de toutes les r\u00e9gions environnantes telles que Le\u00f3n, Cantabrie, Asturies et Galice. C\u2019est la premi\u00e8re <\/span><a href=\"https:\/\/escoferia.es\/\"><span class=\"NormalTextRun SpellingErrorV2Themed SCXW197703621 BCX0\">EscoFeria<\/span><\/a><span class=\"NormalTextRun SCXW197703621 BCX0\"> que la soci\u00e9t\u00e9 organise dans le nord de l\u2019Espagne, et l\u2019organisation consid\u00e8re comme un succ\u00e8s retentissant \u00e0 la fois la participation et l\u2019int\u00e9r\u00eat des participants pour l\u2019ensemble du programme de conf\u00e9rences et des exposants nationaux et internationaux<\/span><\/span><span data-contrast=\"auto\" xml:lang=\"FR-FR\" lang=\"FR-FR\" class=\"TextRun SCXW197703621 BCX0\"><span class=\"NormalTextRun SCXW197703621 BCX0\">.<\/span><\/span><\/p>\n<p><span data-contrast=\"auto\" xml:lang=\"FR-FR\" lang=\"FR-FR\" class=\"TextRun SCXW197703621 BCX0\"><span class=\"NormalTextRun SCXW197703621 BCX0\">Apr\u00e8s cet \u00e9v\u00e9nement, l\u2019entreprise est plong\u00e9e dans sa prochaine <\/span><a href=\"https:\/\/escoferia.es\/\"><span class=\"NormalTextRun SpellingErrorV2Themed SCXW197703621 BCX0\">EscoFeria<\/span><\/a><span class=\"NormalTextRun SCXW197703621 BCX0\">, qui<\/span><span class=\"NormalTextRun SCXW197703621 BCX0\"> <\/span><span class=\"NormalTextRun SCXW197703621 BCX0\">aura lieu dans deux semaines, le jeudi <strong>18 mai \u00e0 Madrid, au Palacio <\/strong><\/span><strong><span class=\"NormalTextRun SpellingErrorV2Themed SCXW197703621 BCX0\">del<\/span><span class=\"NormalTextRun SCXW197703621 BCX0\"> <\/span><span class=\"NormalTextRun SpellingErrorV2Themed SCXW197703621 BCX0\">Negralejo<\/span><\/strong><span class=\"NormalTextRun SCXW197703621 BCX0\"><strong>,<\/strong> o\u00f9 une grande participation est \u00e9galement attendue. Salvador <\/span><span class=\"NormalTextRun SpellingErrorV2Themed SCXW197703621 BCX0\">Escoda<\/span><span class=\"NormalTextRun SCXW197703621 BCX0\">, S.A. a choisi Gij\u00f3n pour r\u00e9aliser son <\/span><a href=\"https:\/\/escoferia.es\/\"><span class=\"NormalTextRun SpellingErrorV2Themed SCXW197703621 BCX0\">EscoFeria<\/span><\/a><span class=\"NormalTextRun SCXW197703621 BCX0\"> afin de d\u00e9montrer son engagement envers les installateurs, qu\u2019elle consid\u00e8re comme le moteur de son activit\u00e9<\/span><\/span><span class=\"EOP SCXW197703621 BCX0\" data-ccp-props=\"{&quot;201341983&quot;:0,&quot;335559739&quot;:160,&quot;335559740&quot;:259}\">\u00a0<\/span><\/p>\n<p>[\/et_pb_text][\/et_pb_column][\/et_pb_row][et_pb_row _builder_version=&#8221;4.20.4&#8243; _module_preset=&#8221;default&#8221; global_colors_info=&#8221;{}&#8221;][et_pb_column type=&#8221;4_4&#8243; _builder_version=&#8221;4.20.4&#8243; _module_preset=&#8221;default&#8221; global_colors_info=&#8221;{}&#8221;][et_pb_image src=&#8221;https:\/\/www.inprord.com\/wp-content\/uploads\/2023\/05\/Numero-Stand-41.png&#8221; title_text=&#8221;N\u00famero Stand 41&#8243; align=&#8221;center&#8221; _builder_version=&#8221;4.20.4&#8243; _module_preset=&#8221;default&#8221; width=&#8221;44%&#8221; global_colors_info=&#8221;{}&#8221;][\/et_pb_image][\/et_pb_column][\/et_pb_row][\/et_pb_section]<\/p>\n","protected":false},"excerpt":{"rendered":"<p>EscoFeria est l\u2019un des salons les plus importants du secteur de l\u2019installation. Depuis 2018, il s\u2019est d\u00e9plac\u00e9 dans la g\u00e9ographie espagnole et compte des exposants de renomm\u00e9e sectorielle marqu\u00e9e. Chez Inpro, nous sommes tr\u00e8s heureux  d\u2019avoir pu participer \u00e0 apr\u00e8s le salon de r\u00e9f\u00e9rence en mati\u00e8re d\u2019installation sur le march\u00e9, <\/p>\n","protected":false},"author":1,"featured_media":15600,"comment_status":"closed","ping_status":"closed","sticky":false,"template":"","format":"standard","meta":{"_acf_changed":false,"_et_pb_use_builder":"on","_et_pb_old_content":"","_et_gb_content_width":"","footnotes":""},"categories":[328],"tags":[],"class_list":["post-15923","post","type-post","status-publish","format-standard","has-post-thumbnail","hentry","category-eventos-fr"],"acf":[],"_links":{"self":[{"href":"https:\/\/www.inprord.com\/fr\/wp-json\/wp\/v2\/posts\/15923","targetHints":{"allow":["GET"]}}],"collection":[{"href":"https:\/\/www.inprord.com\/fr\/wp-json\/wp\/v2\/posts"}],"about":[{"href":"https:\/\/www.inprord.com\/fr\/wp-json\/wp\/v2\/types\/post"}],"author":[{"embeddable":true,"href":"https:\/\/www.inprord.com\/fr\/wp-json\/wp\/v2\/users\/1"}],"replies":[{"embeddable":true,"href":"https:\/\/www.inprord.com\/fr\/wp-json\/wp\/v2\/comments?post=15923"}],"version-history":[{"count":8,"href":"https:\/\/www.inprord.com\/fr\/wp-json\/wp\/v2\/posts\/15923\/revisions"}],"predecessor-version":[{"id":16021,"href":"https:\/\/www.inprord.com\/fr\/wp-json\/wp\/v2\/posts\/15923\/revisions\/16021"}],"wp:featuredmedia":[{"embeddable":true,"href":"https:\/\/www.inprord.com\/fr\/wp-json\/wp\/v2\/media\/15600"}],"wp:attachment":[{"href":"https:\/\/www.inprord.com\/fr\/wp-json\/wp\/v2\/media?parent=15923"}],"wp:term":[{"taxonomy":"category","embeddable":true,"href":"https:\/\/www.inprord.com\/fr\/wp-json\/wp\/v2\/categories?post=15923"},{"taxonomy":"post_tag","embeddable":true,"href":"https:\/\/www.inprord.com\/fr\/wp-json\/wp\/v2\/tags?post=15923"}],"curies":[{"name":"wp","href":"https:\/\/api.w.org\/{rel}","templated":true}]}}