{"id":16013,"date":"2023-05-26T11:57:31","date_gmt":"2023-05-26T11:57:31","guid":{"rendered":"https:\/\/www.inprogroup.net\/?p=16013"},"modified":"2023-10-24T11:08:24","modified_gmt":"2023-10-24T11:08:24","slug":"inpro-participe-a-lescoferia-de-madrid-2023-chez-inpro","status":"publish","type":"post","link":"https:\/\/www.inprord.com\/fr\/inpro-participe-a-lescoferia-de-madrid-2023-chez-inpro\/","title":{"rendered":"INPRO participe \u00e0 l\u2019Escoferia de Madrid 2023\u202f"},"content":{"rendered":"<p>[et_pb_section fb_built=&#8221;1&#8243; admin_label=&#8221;section&#8221; _builder_version=&#8221;4.16&#8243; global_colors_info=&#8221;{}&#8221;][et_pb_row admin_label=&#8221;row&#8221; _builder_version=&#8221;4.16&#8243; background_size=&#8221;initial&#8221; background_position=&#8221;top_left&#8221; background_repeat=&#8221;repeat&#8221; global_colors_info=&#8221;{}&#8221;][et_pb_column type=&#8221;4_4&#8243; _builder_version=&#8221;4.16&#8243; custom_padding=&#8221;|||&#8221; global_colors_info=&#8221;{}&#8221; custom_padding__hover=&#8221;|||&#8221;][et_pb_text _builder_version=&#8221;4.20.4&#8243; _module_preset=&#8221;default&#8221; global_colors_info=&#8221;{}&#8221;]<\/p>\n<h2><span data-contrast=\"auto\">INPRO participe \u00e0 l\u2019Escoferia de Madrid 2023\u202f<\/span><\/h2>\n<p><span data-contrast=\"auto\"> Chez INPRO, nous vivons une exp\u00e9rience extraordinaire \u00e0 l\u2019Escoferia de Madrid\u202f Apr\u00e8s le succ\u00e8s de l\u2019<a href=\"https:\/\/www.inprord.com\/fr\/inpro-a-escoferia-gijon\/\">Escoferia de Gij\u00f3n<\/a> il y a quelques semaines, c\u2019\u00e9tait au tour de Madrid. Ce fut une journ\u00e9e pleine de rencontres avec des amis, des connaissances et l\u2019occasion d\u2019\u00e9tablir de nombreux nouveaux contacts. Au cours de nos conversations, nous avons partag\u00e9 des informations sur <a href=\"https:\/\/www.inprord.com\/fr\/produits-catalogue\/\">nos solutions de transfert diesel<\/a>, la mesure et le contr\u00f4le, la surveillance \u00e0 distance, les projets dans des installations critiques et l\u2019avenir du diesel vert, connu sous le nom de HVO.\u202f<\/span><\/p>\n<p><span data-contrast=\"auto\"> Cette EscoFeria est l\u2019une des foires les plus remarquables du secteur de l\u2019installation en Espagne. L\u2019\u00e9v\u00e9nement s\u2019est d\u00e9roul\u00e9 dans un cadre incomparable : le Palacio del Negralejo \u00e0 Rivas Vaciamadrid le 18 mai. L\u2019\u00e9v\u00e9nement a \u00e9t\u00e9 suivi par plus de 50 exposants de diff\u00e9rentes entreprises reconnues dans le secteur qui nous ont montr\u00e9 leurs derniers d\u00e9veloppements en mati\u00e8re de produits et services.\u202f Comme le veut la tradition dans les <a href=\"https:\/\/escoferia.es\/\">Escoferias<\/a>, la paella g\u00e9ante ne pouvait pas manquer, c\u2019est pourquoi une ambiance festive et cosy a \u00e9t\u00e9 cr\u00e9\u00e9e qui a ravi toutes les personnes pr\u00e9sentes.<\/span><\/p>\n<p><span data-contrast=\"auto\">Nous tenons \u00e0 exprimer notre gratitude \u00e0 tous les participants pour leur participation au #Escoferia Madrid. De plus, merci \u00e0 l\u2019\u00e9quipe de <a href=\"https:\/\/www.salvadorescoda.com\/\">Salvador Escoda, S.A.<\/a> pour son organisation impeccable. Leur professionnalisme et leur d\u00e9vouement ont rendu possible cette exp\u00e9rience inoubliable.\u202f <\/span><\/p>\n<p><span data-contrast=\"auto\">Nous ne pouvons pas oublier de f\u00e9liciter et de remercier notre \u00e9quipe du <a href=\"https:\/\/www.inprord.com\/fr\/\">groupe Inpro<\/a> pour leur travail dans la r\u00e9alisation de l\u2019\u00e9v\u00e9nement #Escoferia Madrid: Cristina Sanz, notre co-PDG et chef du d\u00e9partement commercial, Luis Sutil et \u00c1ngela Garc\u00eda de la zone commerciale, et Mar\u00eda Surribas Murillo du marketing.\u202f <\/span><\/p>\n<p><span data-contrast=\"auto\">Nous avons h\u00e2te d\u2019assister aux \u00e9v\u00e9nements \u00e0 venir pour partager d\u2019autres moments sp\u00e9ciaux!\u202f <\/span><\/p>\n<p><span data-contrast=\"auto\">\u00c0 la fin du mois de mai, nous assisterons au salon Project Qatar 2023 \u00e0 Doha\u202f!<\/span><span data-ccp-props=\"{&quot;134233117&quot;:false,&quot;134233118&quot;:false,&quot;201341983&quot;:0,&quot;335551550&quot;:6,&quot;335551620&quot;:6,&quot;335559738&quot;:0,&quot;335559739&quot;:0,&quot;335559740&quot;:240}\">\u00a0<\/span><\/p>\n<p><span data-ccp-props=\"{&quot;134233117&quot;:false,&quot;134233118&quot;:false,&quot;201341983&quot;:0,&quot;335551550&quot;:6,&quot;335551620&quot;:6,&quot;335559738&quot;:0,&quot;335559739&quot;:0,&quot;335559740&quot;:240}\">\u00a0<\/span><\/p>\n<p>[\/et_pb_text][\/et_pb_column][\/et_pb_row][et_pb_row _builder_version=&#8221;4.20.4&#8243; _module_preset=&#8221;default&#8221; global_colors_info=&#8221;{}&#8221;][et_pb_column type=&#8221;4_4&#8243; _builder_version=&#8221;4.20.4&#8243; _module_preset=&#8221;default&#8221; global_colors_info=&#8221;{}&#8221;][et_pb_gallery gallery_ids=&#8221;16009,15989,15992,15995&#8243; show_title_and_caption=&#8221;off&#8221; _builder_version=&#8221;4.20.4&#8243; _module_preset=&#8221;default&#8221; global_colors_info=&#8221;{}&#8221;][\/et_pb_gallery][\/et_pb_column][\/et_pb_row][et_pb_row _builder_version=&#8221;4.20.4&#8243; _module_preset=&#8221;default&#8221; min_height=&#8221;57px&#8221; global_colors_info=&#8221;{}&#8221;][et_pb_column type=&#8221;4_4&#8243; _builder_version=&#8221;4.20.4&#8243; _module_preset=&#8221;default&#8221; global_colors_info=&#8221;{}&#8221;][et_pb_text _builder_version=&#8221;4.20.4&#8243; _module_preset=&#8221;default&#8221; global_colors_info=&#8221;{}&#8221;]<\/p>\n<p><span data-contrast=\"auto\" xml:lang=\"FR-FR\" lang=\"FR-FR\" class=\"TextRun SCXW174437600 BCX0\"><span class=\"NormalTextRun SCXW174437600 BCX0\" data-ccp-charstyle=\"eop\" data-ccp-charstyle-defn=\"{&quot;ObjectId&quot;:&quot;38be3b7c-50ab-4ca1-9e7b-f0cc2ee7d469|8&quot;,&quot;ClassId&quot;:1073872969,&quot;Properties&quot;:[469775450,&quot;eop&quot;,201340122,&quot;1&quot;,134233614,&quot;true&quot;,469778129,&quot;eop&quot;,335572020,&quot;1&quot;,469778324,&quot;Default Paragraph Font&quot;]}\">Pour plus d&#8217;informations sur nos produits, vous pouvez nous contacter via l&#8217;email suivant : <a href=\"mailto:info@inprord.com\">info@inprord.com<\/a> ou en cliquant ici :<\/span><\/span><span class=\"EOP SCXW174437600 BCX0\" data-ccp-props=\"{&quot;134233117&quot;:false,&quot;134233118&quot;:false,&quot;201341983&quot;:0,&quot;335551550&quot;:6,&quot;335551620&quot;:6,&quot;335559738&quot;:0,&quot;335559739&quot;:0,&quot;335559740&quot;:240}\">\u00a0<\/span><\/p>\n<p>[\/et_pb_text][\/et_pb_column][\/et_pb_row][et_pb_row _builder_version=&#8221;4.20.4&#8243; _module_preset=&#8221;default&#8221; global_colors_info=&#8221;{}&#8221;][et_pb_column type=&#8221;4_4&#8243; _builder_version=&#8221;4.20.4&#8243; _module_preset=&#8221;default&#8221; global_colors_info=&#8221;{}&#8221;][et_pb_button button_text=&#8221;CONTACTEZ-NOUS&#8221; button_alignment=&#8221;center&#8221; _builder_version=&#8221;4.20.4&#8243; _module_preset=&#8221;default&#8221; global_colors_info=&#8221;{}&#8221;][\/et_pb_button][\/et_pb_column][\/et_pb_row][\/et_pb_section]<\/p>\n","protected":false},"excerpt":{"rendered":"<p>INPRO participe \u00e0 l\u2019Escoferia de Madrid 2023\u202f Chez INPRO, nous vivons une exp\u00e9rience extraordinaire \u00e0 l\u2019Escoferia de Madrid\u202f Apr\u00e8s le succ\u00e8s de l\u2019Escoferia de Gij\u00f3n il y a quelques semaines, c\u2019\u00e9tait au tour de Madrid. Ce fut une journ\u00e9e pleine de rencontres avec des amis, des connaissances et l\u2019occasion d\u2019\u00e9tablir de nombreux nouveaux contacts.<\/p>\n","protected":false},"author":1,"featured_media":16009,"comment_status":"closed","ping_status":"closed","sticky":false,"template":"","format":"standard","meta":{"_acf_changed":false,"_et_pb_use_builder":"on","_et_pb_old_content":"","_et_gb_content_width":"","footnotes":""},"categories":[291,328],"tags":[],"class_list":["post-16013","post","type-post","status-publish","format-standard","has-post-thumbnail","hentry","category-eventos","category-eventos-fr"],"acf":[],"_links":{"self":[{"href":"https:\/\/www.inprord.com\/fr\/wp-json\/wp\/v2\/posts\/16013","targetHints":{"allow":["GET"]}}],"collection":[{"href":"https:\/\/www.inprord.com\/fr\/wp-json\/wp\/v2\/posts"}],"about":[{"href":"https:\/\/www.inprord.com\/fr\/wp-json\/wp\/v2\/types\/post"}],"author":[{"embeddable":true,"href":"https:\/\/www.inprord.com\/fr\/wp-json\/wp\/v2\/users\/1"}],"replies":[{"embeddable":true,"href":"https:\/\/www.inprord.com\/fr\/wp-json\/wp\/v2\/comments?post=16013"}],"version-history":[{"count":7,"href":"https:\/\/www.inprord.com\/fr\/wp-json\/wp\/v2\/posts\/16013\/revisions"}],"predecessor-version":[{"id":20332,"href":"https:\/\/www.inprord.com\/fr\/wp-json\/wp\/v2\/posts\/16013\/revisions\/20332"}],"wp:featuredmedia":[{"embeddable":true,"href":"https:\/\/www.inprord.com\/fr\/wp-json\/wp\/v2\/media\/16009"}],"wp:attachment":[{"href":"https:\/\/www.inprord.com\/fr\/wp-json\/wp\/v2\/media?parent=16013"}],"wp:term":[{"taxonomy":"category","embeddable":true,"href":"https:\/\/www.inprord.com\/fr\/wp-json\/wp\/v2\/categories?post=16013"},{"taxonomy":"post_tag","embeddable":true,"href":"https:\/\/www.inprord.com\/fr\/wp-json\/wp\/v2\/tags?post=16013"}],"curies":[{"name":"wp","href":"https:\/\/api.w.org\/{rel}","templated":true}]}}