{"id":31501,"date":"2025-03-18T11:14:22","date_gmt":"2025-03-18T11:14:22","guid":{"rendered":"https:\/\/www.inprord.com\/?p=31501"},"modified":"2025-11-18T11:36:14","modified_gmt":"2025-11-18T11:36:14","slug":"seances-formation-salvador-escoda","status":"publish","type":"post","link":"https:\/\/www.inprord.com\/fr\/seances-formation-salvador-escoda\/","title":{"rendered":"S\u00e9rie de s\u00e9ances de formation pour l&#8217;\u00e9quipe de Salvador Escoda. Barcelone, Valence et S\u00e9ville (Espagne)"},"content":{"rendered":"<p>[et_pb_section fb_built=&#8221;1&#8243; _builder_version=&#8221;4.27.4&#8243; _module_preset=&#8221;default&#8221; global_colors_info=&#8221;{}&#8221;][et_pb_row _builder_version=&#8221;4.27.4&#8243; _module_preset=&#8221;default&#8221; custom_margin=&#8221;|auto|14px|auto||&#8221; global_colors_info=&#8221;{}&#8221;][et_pb_column type=&#8221;4_4&#8243; _builder_version=&#8221;4.27.4&#8243; _module_preset=&#8221;default&#8221; global_colors_info=&#8221;{}&#8221;][et_pb_text _builder_version=&#8221;4.27.4&#8243; _module_preset=&#8221;default&#8221; global_colors_info=&#8221;{}&#8221;]<\/p>\n<h2><strong>Inpro et Salvador Escoda : Une formation sp\u00e9cialis\u00e9e pour continuer \u00e0 grandir ensemble<\/strong><\/h2>\n<p>Chez <strong>Inpro<\/strong>, nous sommes convaincus que la formation est essentielle pour am\u00e9liorer les connaissances techniques et commerciales de nos partenaires strat\u00e9giques. Dans le cadre de nos <strong>services de formation,<\/strong> nous organisons une s\u00e9rie de sessions de formation en face \u00e0 face avec notre partenaire national de longue date, la soci\u00e9t\u00e9 Salvador Escoda. Ces sessions de formation se d\u00e9rouleront dans <strong>diff\u00e9rentes villes d&#8217;Espagne.<\/strong><\/p>\n<p>Nous nous sommes d\u00e9j\u00e0 rendus \u00e0 Barcelone le 14 f\u00e9vrier pour former l&#8217;\u00e9quipe de Catalogne, dans ses bureaux et son centre logistique de Badalona.<\/p>\n<p>Le 21 f\u00e9vrier dernier, nous \u00e9tions \u00e0 <strong>S\u00e9ville<\/strong> pour former l&#8217;\u00e9quipe de <a href=\"https:\/\/www.salvadorescoda.com\/\" target=\"_blank\" rel=\"noopener\"><strong>Salvador Escoda, S.A.<\/strong><\/a>, compos\u00e9e de sp\u00e9cialistes de la r\u00e9gion sud (Andalousie).<\/p>\n<p>En outre, le 7 mars, nous avons organis\u00e9 une formation dans leurs installations de Paterna, \u00e0 Valence.<\/p>\n<p>[\/et_pb_text][\/et_pb_column][\/et_pb_row][et_pb_row column_structure=&#8221;2_3,1_3&#8243; _builder_version=&#8221;4.27.4&#8243; _module_preset=&#8221;default&#8221; global_colors_info=&#8221;{}&#8221;][et_pb_column type=&#8221;2_3&#8243; _builder_version=&#8221;4.27.4&#8243; _module_preset=&#8221;default&#8221; global_colors_info=&#8221;{}&#8221;][et_pb_text _builder_version=&#8221;4.27.4&#8243; _module_preset=&#8221;default&#8221; global_colors_info=&#8221;{}&#8221;]<\/p>\n<h2><strong> En quoi consistait la formation?<\/strong><\/h2>\n<p>Nos coll\u00e8gues Sergio Claveria (Chef de produit IoT) et <a href=\"https:\/\/www.linkedin.com\/in\/antonio-santamaria-5a4925330\/?lipi=urn%3Ali%3Apage%3Ad_flagship3_company_admin%3BN5745RVlSACraBI8wO5%2Fdw%3D%3D\" target=\"_blank\" rel=\"noopener\">Antonio Santamar\u00eda<\/a> (Ventes Espagne) ont donn\u00e9 une session centr\u00e9e sur :<\/p>\n<ul>\n<li>\n<p>Projets et solutions Inpro dans les installations critiques.<\/p>\n<\/li>\n<li>\n<p>Syst\u00e8mes de production de chaleur pour optimiser l&#8217;efficacit\u00e9 \u00e9nerg\u00e9tique.<\/p>\n<\/li>\n<li>\n<p>Alimentation \u00e9lectrique des g\u00e9n\u00e9rateurs, garantissant un approvisionnement s\u00fbr et efficace.<\/p>\n<\/li>\n<li>\n<p>Technologies de surveillance et de contr\u00f4le dans les r\u00e9servoirs de carburant liquide.<\/p>\n<\/li>\n<\/ul>\n<p>Avec Salvador Escoda, S.A., nous <strong>partageons une relation<\/strong> de confiance <strong>de plus de 20 ans,<\/strong> et nous continuons \u00e0 la promouvoir \u00e0 travers des cours de formation qui apportent une valeur ajout\u00e9e \u00e0 son \u00e9quipe et \u00e0 ses clients.<\/p>\n<p>Nous tenons \u00e0 remercier toute l&#8217;\u00e9quipe de Salvador Escoda, S.A. pour son engagement et son enthousiasme pendant la formation.<\/p>\n<p>[\/et_pb_text][\/et_pb_column][et_pb_column type=&#8221;1_3&#8243; _builder_version=&#8221;4.27.4&#8243; _module_preset=&#8221;default&#8221; global_colors_info=&#8221;{}&#8221;][et_pb_image src=&#8221;https:\/\/www.inprord.com\/wp-content\/uploads\/2025\/02\/pic.IMG_20250221_114543-scaled.jpg&#8221; title_text=&#8221;pic.IMG_20250221_114543&#8243; show_in_lightbox=&#8221;on&#8221; _builder_version=&#8221;4.27.4&#8243; _module_preset=&#8221;default&#8221; custom_padding=&#8221;28px|||||&#8221; global_colors_info=&#8221;{}&#8221;][\/et_pb_image][\/et_pb_column][\/et_pb_row][et_pb_row column_structure=&#8221;1_3,2_3&#8243; _builder_version=&#8221;4.27.4&#8243; _module_preset=&#8221;default&#8221; global_colors_info=&#8221;{}&#8221;][et_pb_column type=&#8221;1_3&#8243; _builder_version=&#8221;4.27.4&#8243; _module_preset=&#8221;default&#8221; global_colors_info=&#8221;{}&#8221;][et_pb_image src=&#8221;https:\/\/www.inprord.com\/wp-content\/uploads\/2025\/02\/pic.IMG_20250221_114617-scaled.jpg&#8221; title_text=&#8221;pic.IMG_20250221_114617&#8243; show_in_lightbox=&#8221;on&#8221; _builder_version=&#8221;4.27.4&#8243; _module_preset=&#8221;default&#8221; global_colors_info=&#8221;{}&#8221;][\/et_pb_image][\/et_pb_column][et_pb_column type=&#8221;2_3&#8243; _builder_version=&#8221;4.27.4&#8243; _module_preset=&#8221;default&#8221; global_colors_info=&#8221;{}&#8221;][et_pb_text _builder_version=&#8221;4.27.4&#8243; _module_preset=&#8221;default&#8221; global_colors_info=&#8221;{}&#8221;]<\/p>\n<h2><strong>Prochaines formations dans le cadre de notre cycle 2025<\/strong><\/h2>\n<p>\u2714\ufe0f 14 f\u00e9vrier &#8211; Barcelone \u2705<\/p>\n<p>\u2714\ufe0f 21 f\u00e9vrier &#8211; Formation \u00e0 S\u00e9ville \u2705<\/p>\n<p>\u2714\ufe0f 7 mars &#8211; Paterna (Valence) \u2705<\/p>\n<p>\u2714\ufe0f 14 mars &#8211; Madrid \u2705<\/p>\n<p>\u2714\ufe0f 28 mars &#8211; Gij\u00f3n \u2705<\/p>\n<p>[\/et_pb_text][\/et_pb_column][\/et_pb_row][et_pb_row _builder_version=&#8221;4.27.4&#8243; _module_preset=&#8221;default&#8221; global_colors_info=&#8221;{}&#8221;][et_pb_column type=&#8221;4_4&#8243; _builder_version=&#8221;4.27.4&#8243; _module_preset=&#8221;default&#8221; global_colors_info=&#8221;{}&#8221;][et_pb_text _builder_version=&#8221;4.27.4&#8243; _module_preset=&#8221;default&#8221; global_colors_info=&#8221;{}&#8221;]<\/p>\n<h2><strong>Plus d&#8217;images de l&#8217;entra\u00eenement \u00e0 Paterna (Valence) et \u00e0 Madrid:<\/strong><\/h2>\n<p>[\/et_pb_text][et_pb_gallery gallery_ids=&#8221;31528,31441,31534,31531&#8243; show_title_and_caption=&#8221;off&#8221; _builder_version=&#8221;4.27.4&#8243; _module_preset=&#8221;default&#8221; global_colors_info=&#8221;{}&#8221;][\/et_pb_gallery][\/et_pb_column][\/et_pb_row][et_pb_row column_structure=&#8221;3_4,1_4&#8243; _builder_version=&#8221;4.27.4&#8243; _module_preset=&#8221;default&#8221; global_colors_info=&#8221;{}&#8221;][et_pb_column type=&#8221;3_4&#8243; _builder_version=&#8221;4.27.4&#8243; _module_preset=&#8221;default&#8221; global_colors_info=&#8221;{}&#8221;][et_pb_text _builder_version=&#8221;4.27.4&#8243; _module_preset=&#8221;default&#8221; global_colors_info=&#8221;{}&#8221;]<\/p>\n<h2><strong>\u00c0 propos de l&#8217;entreprise Salvador Escoda, S.A.<\/strong><\/h2>\n<p><a href=\"https:\/\/www.salvadorescoda.com\/\" target=\"_blank\" rel=\"noopener\">Salvador Escoda, S.A.<\/a> est une entreprise leader dans la distribution de produits pour la climatisation, la ventilation, le chauffage, l&#8217;eau, les \u00e9nergies renouvelables, le gaz, l&#8217;\u00e9lectricit\u00e9, la r\u00e9frig\u00e9ration et l&#8217;isolation. La relation de confiance qui nous unit \u00e0 eux est consolid\u00e9e par des projets et une formation continue.<\/p>\n<p>[\/et_pb_text][\/et_pb_column][et_pb_column type=&#8221;1_4&#8243; _builder_version=&#8221;4.27.4&#8243; _module_preset=&#8221;default&#8221; global_colors_info=&#8221;{}&#8221;][et_pb_image src=&#8221;https:\/\/www.inprord.com\/wp-content\/uploads\/2025\/02\/cropped-logo_escoda.png&#8221; title_text=&#8221;cropped-logo_escoda&#8221; show_in_lightbox=&#8221;on&#8221; _builder_version=&#8221;4.27.4&#8243; _module_preset=&#8221;default&#8221; global_colors_info=&#8221;{}&#8221;][\/et_pb_image][\/et_pb_column][\/et_pb_row][et_pb_row _builder_version=&#8221;4.27.4&#8243; _module_preset=&#8221;default&#8221; global_colors_info=&#8221;{}&#8221;][et_pb_column type=&#8221;4_4&#8243; _builder_version=&#8221;4.27.4&#8243; _module_preset=&#8221;default&#8221; global_colors_info=&#8221;{}&#8221;][et_pb_text _builder_version=&#8221;4.27.4&#8243; _module_preset=&#8221;default&#8221; global_colors_info=&#8221;{}&#8221;]<\/p>\n<h2 style=\"text-align: left;\"><strong>Formation sur mesure pour nos partenaires et collaborateurs<\/strong><\/h2>\n<p>Comme nous l&#8217;avons d\u00e9j\u00e0 mentionn\u00e9 dans des articles pr\u00e9c\u00e9dents, <strong>Inpro<\/strong> propose un <strong>service de formation sur mesure<\/strong> pour les clients, les partenaires et les distributeurs. Cette formation est adapt\u00e9e aux besoins sp\u00e9cifiques de chaque partenaire, allant de la pr\u00e9sentation d&#8217;arguments commerciaux au marketing, en passant par le processus de fabrication, l&#8217;installation et le fonctionnement de nos syst\u00e8mes de transfert de carburant diesel, ainsi que l&#8217;\u00e9quipement de contr\u00f4le et de surveillance des r\u00e9servoirs de carburant liquide.<\/p>\n<p>Ce service de formation, que nous proposons aux entreprises <a href=\"https:\/\/www.inprord.com\/fr\/formation-internationale\/\">nationales et internationales,<\/a> est adapt\u00e9 aux besoins de nos partenaires ou distributeurs de nos produits. La formation peut avoir lieu dans nos locaux \u00e0 Madrid (Espagne) ou notre \u00e9quipe peut se rendre sur le site de l&#8217;entreprise qui demande de l&#8217;aide.<\/p>\n<p>[\/et_pb_text][et_pb_button button_url=&#8221;https:\/\/www.inprord.com\/fr\/nouvelles-formations-clients-equipes\/&#8221; button_text=&#8221;Nouvelles sur la formation des clients et des partenaires&#8221; button_alignment=&#8221;center&#8221; _builder_version=&#8221;4.27.4&#8243; _module_preset=&#8221;default&#8221; custom_button=&#8221;on&#8221; button_text_color=&#8221;#FFFFFF&#8221; button_bg_color=&#8221;#257e81&#8243; button_border_color=&#8221;#257e81&#8243; global_colors_info=&#8221;{}&#8221;][\/et_pb_button][\/et_pb_column][\/et_pb_row][et_pb_row _builder_version=&#8221;4.23.4&#8243; _module_preset=&#8221;default&#8221; locked=&#8221;off&#8221; global_colors_info=&#8221;{}&#8221;][et_pb_column type=&#8221;4_4&#8243; _builder_version=&#8221;4.23.4&#8243; _module_preset=&#8221;default&#8221; global_colors_info=&#8221;{}&#8221;][et_pb_text _builder_version=&#8221;4.27.4&#8243; _module_preset=&#8221;default&#8221; global_colors_info=&#8221;{}&#8221;]<\/p>\n<h3 style=\"text-align: center;\"><strong>Pourquoi suivre cette formation exclusive aux multiples avantages pour votre entreprise?<\/strong><\/h3>\n<p style=\"text-align: center;\"><strong>En savoir plus sur les avantages li\u00e9s \u00e0 cette formation gratuite:<\/strong><\/p>\n<p>[\/et_pb_text][et_pb_button button_url=&#8221;https:\/\/www.inprord.com\/fr\/avantages-formation-personnalisee-inpro\/&#8221; button_text=&#8221;Voir plus de d\u00e9tails sur cette formation pour les clients et les partenaires&#8221; button_alignment=&#8221;center&#8221; _builder_version=&#8221;4.27.4&#8243; _module_preset=&#8221;default&#8221; custom_button=&#8221;on&#8221; button_text_color=&#8221;#FFFFFF&#8221; button_bg_color=&#8221;#257e81&#8243; button_border_color=&#8221;#257e81&#8243; global_colors_info=&#8221;{}&#8221;][\/et_pb_button][\/et_pb_column][\/et_pb_row][et_pb_row _builder_version=&#8221;4.23&#8243; _module_preset=&#8221;default&#8221; custom_margin=&#8221;9px|auto||auto||&#8221; locked=&#8221;off&#8221; global_colors_info=&#8221;{}&#8221;][et_pb_column type=&#8221;4_4&#8243; _builder_version=&#8221;4.23&#8243; _module_preset=&#8221;default&#8221; global_colors_info=&#8221;{}&#8221;][et_pb_text _builder_version=&#8221;4.27.4&#8243; _module_preset=&#8221;default&#8221; global_colors_info=&#8221;{}&#8221;]<\/p>\n<h4><strong>Pour plus d\u2019informations<\/strong><\/h4>\n<p>Si vous souhaitez devenir distributeur de nos\u00a0<strong>produits<\/strong>\u00a0ou si vous avez besoin d\u2019informations sur nos\u00a0<strong>projets<\/strong>, que ce soit en Espagne (<span class=\"TextRun SCXW217137557 BCX0\" lang=\"ES-ES\" xml:lang=\"ES-ES\" data-contrast=\"none\"><span class=\"NormalTextRun SCXW217137557 BCX0\"><a href=\"mailto:ventas@inprord.com\" target=\"_blank\" rel=\"noopener\">ventas@inprord.com<\/a><\/span><\/span>) ou \u00e0 l\u2019\u00e9tranger (<span class=\"TextRun SCXW217137557 BCX0\" lang=\"ES-ES\" xml:lang=\"ES-ES\" data-contrast=\"none\"><span class=\"NormalTextRun SCXW217137557 BCX0\"><a href=\"mailto:export@inprord.com\" target=\"_blank\" rel=\"noopener\">export@inprord.com<\/a><\/span><\/span>), vous pouvez nous\u00a0<a href=\"https:\/\/www.inprord.com\/fr\/contact\/\">contacter<\/a>\u00a0en remplissant ce formulaire:<\/p>\n<p>[\/et_pb_text][dvppl_cf7_styler use_form_button_fullwidth=&#8221;on&#8221; cf7=&#8221;5874&#8243; _builder_version=&#8221;4.27.4&#8243; _module_preset=&#8221;default&#8221; custom_submit_button=&#8221;on&#8221; submit_button_bg_color=&#8221;#257e81&#8243; submit_button_border_color=&#8221;#257e81&#8243; global_colors_info=&#8221;{}&#8221;][\/dvppl_cf7_styler][\/et_pb_column][\/et_pb_row][\/et_pb_section]<\/p>\n","protected":false},"excerpt":{"rendered":"<p>Chez Inpro, nous nous sommes engag\u00e9s dans ce cycle de formation, qui est essentiel pour am\u00e9liorer les connaissances techniques et commerciales de nos partenaires. Dans le cadre de notre cycle de formation, nous \u00e9tions \u00e0 S\u00e9ville le 21 f\u00e9vrier pour former l&#8217;\u00e9quipe de sp\u00e9cialistes de Salvador Escoda en Andalousie.<\/p>\n","protected":false},"author":14,"featured_media":31504,"comment_status":"closed","ping_status":"closed","sticky":false,"template":"","format":"standard","meta":{"_acf_changed":false,"_et_pb_use_builder":"on","_et_pb_old_content":"","_et_gb_content_width":"","footnotes":""},"categories":[313],"tags":[],"class_list":["post-31501","post","type-post","status-publish","format-standard","has-post-thumbnail","hentry","category-formacion-fr"],"acf":[],"_links":{"self":[{"href":"https:\/\/www.inprord.com\/fr\/wp-json\/wp\/v2\/posts\/31501","targetHints":{"allow":["GET"]}}],"collection":[{"href":"https:\/\/www.inprord.com\/fr\/wp-json\/wp\/v2\/posts"}],"about":[{"href":"https:\/\/www.inprord.com\/fr\/wp-json\/wp\/v2\/types\/post"}],"author":[{"embeddable":true,"href":"https:\/\/www.inprord.com\/fr\/wp-json\/wp\/v2\/users\/14"}],"replies":[{"embeddable":true,"href":"https:\/\/www.inprord.com\/fr\/wp-json\/wp\/v2\/comments?post=31501"}],"version-history":[{"count":21,"href":"https:\/\/www.inprord.com\/fr\/wp-json\/wp\/v2\/posts\/31501\/revisions"}],"predecessor-version":[{"id":34936,"href":"https:\/\/www.inprord.com\/fr\/wp-json\/wp\/v2\/posts\/31501\/revisions\/34936"}],"wp:featuredmedia":[{"embeddable":true,"href":"https:\/\/www.inprord.com\/fr\/wp-json\/wp\/v2\/media\/31504"}],"wp:attachment":[{"href":"https:\/\/www.inprord.com\/fr\/wp-json\/wp\/v2\/media?parent=31501"}],"wp:term":[{"taxonomy":"category","embeddable":true,"href":"https:\/\/www.inprord.com\/fr\/wp-json\/wp\/v2\/categories?post=31501"},{"taxonomy":"post_tag","embeddable":true,"href":"https:\/\/www.inprord.com\/fr\/wp-json\/wp\/v2\/tags?post=31501"}],"curies":[{"name":"wp","href":"https:\/\/api.w.org\/{rel}","templated":true}]}}