{"id":33380,"date":"2025-09-10T10:29:06","date_gmt":"2025-09-10T10:29:06","guid":{"rendered":"https:\/\/www.inprord.com\/?p=33380"},"modified":"2025-09-10T10:30:49","modified_gmt":"2025-09-10T10:30:49","slug":"supermarches-panne-electricite","status":"publish","type":"post","link":"https:\/\/www.inprord.com\/fr\/supermarches-panne-electricite\/","title":{"rendered":"Les supermarch\u00e9s apr\u00e8s la panne d&#8217;\u00e9lectricit\u00e9: sont-ils pr\u00eats pour la prochaine crise?"},"content":{"rendered":"<p>[et_pb_section fb_built=&#8221;1&#8243; _builder_version=&#8221;4.27.4&#8243; _module_preset=&#8221;default&#8221; global_colors_info=&#8221;{}&#8221; theme_builder_area=&#8221;post_content&#8221;][et_pb_row column_structure=&#8221;2_3,1_3&#8243; _builder_version=&#8221;4.27.4&#8243; _module_preset=&#8221;default&#8221; custom_margin=&#8221;|auto|8px|auto||&#8221; custom_padding=&#8221;||12px|||&#8221; global_colors_info=&#8221;{}&#8221; theme_builder_area=&#8221;post_content&#8221;][et_pb_column type=&#8221;2_3&#8243; _builder_version=&#8221;4.27.4&#8243; _module_preset=&#8221;default&#8221; global_colors_info=&#8221;{}&#8221; theme_builder_area=&#8221;post_content&#8221;][et_pb_text _builder_version=&#8221;4.27.4&#8243; _module_preset=&#8221;default&#8221; global_colors_info=&#8221;{}&#8221; theme_builder_area=&#8221;post_content&#8221;]<\/p>\n<h2 data-start=\"959\" data-end=\"1340\"><strong>Panne de courant dans les supermarch\u00e9s : quand la cha\u00eene du froid est rompue<\/strong><\/h2>\n<p>La panne d&#8217;\u00e9lectricit\u00e9 qui a paralys\u00e9 une grande partie de l&#8217;Espagne et de la p\u00e9ninsule ib\u00e9rique a confront\u00e9 les <strong>supermarch\u00e9s<\/strong> \u00e0 une dure r\u00e9alit\u00e9: la vuln\u00e9rabilit\u00e9 de la cha\u00eene du froid. Selon <a href=\"https:\/\/forbes.es\/economia\/699238\/los-supermercados-cifran-en-un-minimo-de-53-millones-los-danos-generados-por-el-apagon-segun-asedas\/#:~:text=Los%20supermercados%20y%20la%20distribuci%C3%B3n%20mayorista,%20uno%20de,Asociaci%C3%B3n%20Espa%C3%B1ola%20de%20Distribuidores,%20Autoservicios%20y%20Supermercados%20(Asedas).\" target=\"_blank\" rel=\"noopener\">Asedas,<\/a> les pertes ont atteint au moins 53 millions d&#8217;euros en raison du retrait de produits frais, r\u00e9frig\u00e9r\u00e9s et congel\u00e9s <strong>qui ne pouvaient pas garantir la s\u00e9curit\u00e9 alimentaire.<\/strong><\/p>\n<p>\u00c0 ces pertes s&#8217;ajoutent d&#8217;autres co\u00fbts li\u00e9s \u00e0 la panne, tels que le carburant pour les g\u00e9n\u00e9rateurs de secours, le transport, les rappels de produits, la s\u00e9curit\u00e9 et la logistique, qui ont affect\u00e9 des cha\u00eenes comme Eroski, Carrefour, Lidl et Dia, augmentant encore l&#8217;impact \u00e9conomique.<\/p>\n<p>[\/et_pb_text][\/et_pb_column][et_pb_column type=&#8221;1_3&#8243; _builder_version=&#8221;4.27.4&#8243; _module_preset=&#8221;default&#8221; global_colors_info=&#8221;{}&#8221; theme_builder_area=&#8221;post_content&#8221;][et_pb_image src=&#8221;https:\/\/www.inprord.com\/wp-content\/uploads\/2025\/08\/GROUPE-DE-FILTRATION-FIXE-OU-MOBILE-POUR-RESERVOIRS-POMPE.jpg&#8221; title_text=&#8221;GROUPE DE FILTRATION FIXE OU MOBILE POUR R\u00c9SERVOIRS + POMPE&#8221; show_in_lightbox=&#8221;on&#8221; _builder_version=&#8221;4.27.4&#8243; _module_preset=&#8221;default&#8221; custom_padding=&#8221;10px|||||&#8221; global_colors_info=&#8221;{}&#8221; theme_builder_area=&#8221;post_content&#8221;][\/et_pb_image][\/et_pb_column][\/et_pb_row][et_pb_row column_structure=&#8221;1_3,2_3&#8243; _builder_version=&#8221;4.27.4&#8243; _module_preset=&#8221;default&#8221; custom_padding=&#8221;19px||28px|||&#8221; global_colors_info=&#8221;{}&#8221; theme_builder_area=&#8221;post_content&#8221;][et_pb_column type=&#8221;1_3&#8243; _builder_version=&#8221;4.27.4&#8243; _module_preset=&#8221;default&#8221; global_colors_info=&#8221;{}&#8221; theme_builder_area=&#8221;post_content&#8221;][et_pb_image src=&#8221;https:\/\/www.inprord.com\/wp-content\/uploads\/2025\/08\/apagon-electrico-supermercados-espana.webp&#8221; title_text=&#8221;apagon-electrico-supermercados-espa\u00f1a&#8221; show_in_lightbox=&#8221;on&#8221; _builder_version=&#8221;4.27.4&#8243; _module_preset=&#8221;default&#8221; custom_padding=&#8221;7px|||||&#8221; global_colors_info=&#8221;{}&#8221; theme_builder_area=&#8221;post_content&#8221;][\/et_pb_image][\/et_pb_column][et_pb_column type=&#8221;2_3&#8243; _builder_version=&#8221;4.27.4&#8243; _module_preset=&#8221;default&#8221; global_colors_info=&#8221;{}&#8221; theme_builder_area=&#8221;post_content&#8221;][et_pb_text _builder_version=&#8221;4.27.4&#8243; _module_preset=&#8221;default&#8221; hover_enabled=&#8221;0&#8243; global_colors_info=&#8221;{}&#8221; theme_builder_area=&#8221;post_content&#8221; sticky_enabled=&#8221;0&#8243;]<\/p>\n<h2 data-start=\"503\" data-end=\"587\"><strong>Les millions de pertes subies \u00e0 la suite de la panne d&#8217;\u00e9lectricit\u00e9 constituent une le\u00e7on claire pour l&#8217;industrie alimentaire<\/strong><\/h2>\n<p>Les grandes cha\u00eenes comme Mercadona, Carrefour et El Corte Ingl\u00e9s <strong>ont r\u00e9ussi \u00e0 garder leurs magasins ouverts gr\u00e2ce \u00e0 leurs g\u00e9n\u00e9rateurs de secours,<\/strong> tandis que beaucoup d&#8217;autres, comme Dia et Ahorramas, ont d\u00fb fermer partiellement ou r\u00e9duire leurs activit\u00e9s. Les petits magasins, pour la plupart d\u00e9pourvus de syst\u00e8mes de secours, ont \u00e9t\u00e9 contraints de fermer compl\u00e8tement leurs portes.<\/p>\n<p>La conclusion est claire: disposer de g\u00e9n\u00e9rateurs est n\u00e9cessaire, mais pas toujours suffisant. L&#8217;autonomie du syst\u00e8me, la gestion ad\u00e9quate du carburant et la fiabilit\u00e9 du syst\u00e8me de secours font la diff\u00e9rence entre garder les portes ouvertes et accumuler des millions de pertes.<\/p>\n<p>[\/et_pb_text][\/et_pb_column][\/et_pb_row][et_pb_row _builder_version=&#8221;4.27.4&#8243; _module_preset=&#8221;default&#8221; background_color=&#8221;#257e81&#8243; custom_padding=&#8221;14px||15px|||&#8221; locked=&#8221;off&#8221; global_colors_info=&#8221;{}&#8221; theme_builder_area=&#8221;post_content&#8221;][et_pb_column type=&#8221;4_4&#8243; _builder_version=&#8221;4.27.4&#8243; _module_preset=&#8221;default&#8221; global_colors_info=&#8221;{}&#8221; theme_builder_area=&#8221;post_content&#8221;][et_pb_text _builder_version=&#8221;4.27.4&#8243; _module_preset=&#8221;default&#8221; header_2_text_color=&#8221;#FFFFFF&#8221; global_colors_info=&#8221;{}&#8221; theme_builder_area=&#8221;post_content&#8221;]<\/p>\n<h2 style=\"text-align: center;\"><strong>Gr\u00e2ce \u00e0 nos \u00e9quipements de transfert et \u00e0 nos syst\u00e8mes de filtrage pr\u00e9ventif, le carburant contenu dans les r\u00e9servoirs est exempt d&#8217;impuret\u00e9s et se trouve dans des conditions optimales. Nous garantissons ainsi leur disponibilit\u00e9 imm\u00e9diate pour le bon fonctionnement des groupes \u00e9lectrog\u00e8nes de secours en cas de coupure de courant.<\/strong><\/h2>\n<p>[\/et_pb_text][\/et_pb_column][\/et_pb_row][et_pb_row _builder_version=&#8221;4.27.4&#8243; _module_preset=&#8221;default&#8221; custom_margin=&#8221;-4px|auto||auto||&#8221; custom_padding=&#8221;23px||27px|||&#8221; locked=&#8221;off&#8221; global_colors_info=&#8221;{}&#8221; theme_builder_area=&#8221;post_content&#8221;][et_pb_column type=&#8221;4_4&#8243; _builder_version=&#8221;4.27.4&#8243; _module_preset=&#8221;default&#8221; global_colors_info=&#8221;{}&#8221; theme_builder_area=&#8221;post_content&#8221;][et_pb_text _builder_version=&#8221;4.27.4&#8243; _module_preset=&#8221;default&#8221; custom_padding=&#8221;||21px|||&#8221; global_colors_info=&#8221;{}&#8221; theme_builder_area=&#8221;post_content&#8221;]<\/p>\n<h2 data-start=\"1620\" data-end=\"1664\"><strong>Comment Inpro peut-elle contribuer \u00e0 garantir que les syst\u00e8mes d&#8217;urgence fonctionnent lorsque c&#8217;est vraiment important?<\/strong><\/h2>\n<p>Chez Inpro, nous concevons des<strong> <a href=\"https:\/\/www.inprord.com\/fr\/produits-catalogue\/\">syst\u00e8mes<\/a> de transfert de carburant et de filtrage pr\u00e9ventif<\/strong> qui garantissent le fonctionnement des groupes \u00e9lectrog\u00e8nes de secours lorsqu&#8217;ils sont le plus n\u00e9cessaires. Nos \u00e9quipements maintiennent le carburant stock\u00e9 propre et pr\u00eat \u00e0 l&#8217;emploi, garantissant ainsi l&#8217;autonomie, la fiabilit\u00e9 et la continuit\u00e9 op\u00e9rationnelle des supermarch\u00e9s et des installations de vente au d\u00e9tail essentielles.<\/p>\n<p>[\/et_pb_text][et_pb_button button_url=&#8221;https:\/\/www.inprord.com\/fr\/panne-electricite-espagne\/&#8221; button_text=&#8221;Voir l&#8217;article %22La panne du 28 avril%22&#8243; button_alignment=&#8221;center&#8221; _builder_version=&#8221;4.27.4&#8243; _module_preset=&#8221;default&#8221; custom_button=&#8221;on&#8221; button_text_color=&#8221;#FFFFFF&#8221; button_bg_color=&#8221;#257e81&#8243; button_border_color=&#8221;#257e81&#8243; locked=&#8221;off&#8221; global_colors_info=&#8221;{}&#8221; theme_builder_area=&#8221;post_content&#8221;][\/et_pb_button][\/et_pb_column][\/et_pb_row][et_pb_row _builder_version=&#8221;4.27.0&#8243; _module_preset=&#8221;default&#8221; background_color=&#8221;#257e81&#8243; locked=&#8221;off&#8221; global_colors_info=&#8221;{}&#8221; theme_builder_area=&#8221;post_content&#8221;][et_pb_column type=&#8221;4_4&#8243; _builder_version=&#8221;4.27.0&#8243; _module_preset=&#8221;default&#8221; global_colors_info=&#8221;{}&#8221; theme_builder_area=&#8221;post_content&#8221;][et_pb_text _builder_version=&#8221;4.27.4&#8243; _module_preset=&#8221;default&#8221; text_text_color=&#8221;#FFFFFF&#8221; header_2_text_color=&#8221;#FFFFFF&#8221; custom_padding=&#8221;19px|||||&#8221; global_colors_info=&#8221;{}&#8221; theme_builder_area=&#8221;post_content&#8221;]<\/p>\n<h2 style=\"text-align: center;\"><strong>Avantages de la pr\u00e9sence d&#8217;\u00e9quipements Inpro dans les grands supermarch\u00e9s:<\/strong><\/h2>\n<p>[\/et_pb_text][\/et_pb_column][\/et_pb_row][et_pb_row column_structure=&#8221;1_4,1_4,1_4,1_4&#8243; _builder_version=&#8221;4.27.4&#8243; _module_preset=&#8221;default&#8221; background_color=&#8221;#257e81&#8243; custom_padding=&#8221;20px||36px||false|false&#8221; locked=&#8221;off&#8221; global_colors_info=&#8221;{}&#8221; theme_builder_area=&#8221;post_content&#8221;][et_pb_column type=&#8221;1_4&#8243; _builder_version=&#8221;4.27.4&#8243; _module_preset=&#8221;default&#8221; global_colors_info=&#8221;{}&#8221; theme_builder_area=&#8221;post_content&#8221;][et_pb_text _builder_version=&#8221;4.27.4&#8243; _module_preset=&#8221;default&#8221; background_color=&#8221;#FFFFFF&#8221; custom_padding=&#8221;32px|15px|32px|15px|true|true&#8221; global_colors_info=&#8221;{}&#8221; theme_builder_area=&#8221;post_content&#8221;]<\/p>\n<p style=\"text-align: justify;\">Cet \u00e9quipement assure l&#8217;alimentation continue des g\u00e9n\u00e9rateurs d&#8217;\u00e9lectricit\u00e9 de secours.<\/p>\n<p>[\/et_pb_text][\/et_pb_column][et_pb_column type=&#8221;1_4&#8243; _builder_version=&#8221;4.27.4&#8243; _module_preset=&#8221;default&#8221; global_colors_info=&#8221;{}&#8221; theme_builder_area=&#8221;post_content&#8221;][et_pb_text _builder_version=&#8221;4.27.4&#8243; _module_preset=&#8221;default&#8221; background_color=&#8221;#FFFFFF&#8221; custom_padding=&#8221;32px|15px|32px|15px|true|true&#8221; global_colors_info=&#8221;{}&#8221; theme_builder_area=&#8221;post_content&#8221;]<\/p>\n<p>Syst\u00e8mes de transfert de carburant diesel con\u00e7us pour une consommation \u00e9lev\u00e9e et des \u00e9quipements multiples.<\/p>\n<p>[\/et_pb_text][\/et_pb_column][et_pb_column type=&#8221;1_4&#8243; _builder_version=&#8221;4.27.4&#8243; _module_preset=&#8221;default&#8221; global_colors_info=&#8221;{}&#8221; theme_builder_area=&#8221;post_content&#8221;][et_pb_text _builder_version=&#8221;4.27.4&#8243; _module_preset=&#8221;default&#8221; background_color=&#8221;#FFFFFF&#8221; custom_padding=&#8221;32px|15px|32px|15px|true|true&#8221; global_colors_info=&#8221;{}&#8221; theme_builder_area=&#8221;post_content&#8221;]<\/p>\n<p>Syst\u00e8mes de filtrage pr\u00e9ventif (SAFA) pour maintenir le carburant propre dans les r\u00e9servoirs et pr\u00eat \u00e0 l&#8217;emploi.<\/p>\n<p>[\/et_pb_text][\/et_pb_column][et_pb_column type=&#8221;1_4&#8243; _builder_version=&#8221;4.27.4&#8243; _module_preset=&#8221;default&#8221; global_colors_info=&#8221;{}&#8221; theme_builder_area=&#8221;post_content&#8221;][et_pb_text _builder_version=&#8221;4.27.4&#8243; _module_preset=&#8221;default&#8221; background_color=&#8221;#FFFFFF&#8221; custom_padding=&#8221;32px|15px|32px|15px|true|true&#8221; global_colors_info=&#8221;{}&#8221; theme_builder_area=&#8221;post_content&#8221;]<\/p>\n<p style=\"text-align: left;\">Fiabilit\u00e9 \u00e9nerg\u00e9tique qui permet d&#8217;\u00e9viter des millions de pertes dues \u00e0 la rupture de la cha\u00eene du froid.<\/p>\n<p>[\/et_pb_text][\/et_pb_column][\/et_pb_row][et_pb_row _builder_version=&#8221;4.27.4&#8243; _module_preset=&#8221;default&#8221; locked=&#8221;off&#8221; global_colors_info=&#8221;{}&#8221; theme_builder_area=&#8221;post_content&#8221;][et_pb_column type=&#8221;4_4&#8243; _builder_version=&#8221;4.27.4&#8243; _module_preset=&#8221;default&#8221; global_colors_info=&#8221;{}&#8221; theme_builder_area=&#8221;post_content&#8221;][et_pb_text _builder_version=&#8221;4.27.4&#8243; _module_preset=&#8221;default&#8221; global_colors_info=&#8221;{}&#8221; theme_builder_area=&#8221;post_content&#8221;]<\/p>\n<h2><strong>Exemples de nos groupes de transfert monotube pression et de nos syst\u00e8mes de filtration pr\u00e9ventive du carburant install\u00e9s sur des projets:<\/strong><\/h2>\n<p>[\/et_pb_text][\/et_pb_column][\/et_pb_row][et_pb_row column_structure=&#8221;1_3,1_3,1_3&#8243; _builder_version=&#8221;4.27.4&#8243; _module_preset=&#8221;default&#8221; custom_margin=&#8221;|auto|20px|auto||&#8221; locked=&#8221;off&#8221; global_colors_info=&#8221;{}&#8221; theme_builder_area=&#8221;post_content&#8221;][et_pb_column type=&#8221;1_3&#8243; _builder_version=&#8221;4.27.4&#8243; _module_preset=&#8221;default&#8221; global_colors_info=&#8221;{}&#8221; theme_builder_area=&#8221;post_content&#8221;][et_pb_image src=&#8221;https:\/\/www.inprord.com\/wp-content\/uploads\/2023\/12\/GP-GC-Instalacion.jpeg&#8221; title_text=&#8221;GP-GC-Instalacion&#8221; show_in_lightbox=&#8221;on&#8221; _builder_version=&#8221;4.27.4&#8243; _module_preset=&#8221;default&#8221; global_colors_info=&#8221;{}&#8221; theme_builder_area=&#8221;post_content&#8221;][\/et_pb_image][\/et_pb_column][et_pb_column type=&#8221;1_3&#8243; _builder_version=&#8221;4.27.4&#8243; _module_preset=&#8221;default&#8221; global_colors_info=&#8221;{}&#8221; theme_builder_area=&#8221;post_content&#8221;][et_pb_image src=&#8221;https:\/\/www.inprord.com\/wp-content\/uploads\/2024\/09\/CPD-NTT-Global-Las-Rozas-scaled.jpeg&#8221; title_text=&#8221;CPD NTT Global Las Rozas&#8221; show_in_lightbox=&#8221;on&#8221; align=&#8221;center&#8221; _builder_version=&#8221;4.27.4&#8243; _module_preset=&#8221;default&#8221; width=&#8221;92%&#8221; global_colors_info=&#8221;{}&#8221; theme_builder_area=&#8221;post_content&#8221;][\/et_pb_image][\/et_pb_column][et_pb_column type=&#8221;1_3&#8243; _builder_version=&#8221;4.27.4&#8243; _module_preset=&#8221;default&#8221; global_colors_info=&#8221;{}&#8221; theme_builder_area=&#8221;post_content&#8221;][et_pb_image src=&#8221;https:\/\/www.inprord.com\/wp-content\/uploads\/2024\/09\/Interxion-MAD4-scaled.jpg&#8221; title_text=&#8221;Interxion MAD4&#8243; show_in_lightbox=&#8221;on&#8221; _builder_version=&#8221;4.27.4&#8243; _module_preset=&#8221;default&#8221; global_colors_info=&#8221;{}&#8221; theme_builder_area=&#8221;post_content&#8221;][\/et_pb_image][\/et_pb_column][\/et_pb_row][et_pb_row _builder_version=&#8221;4.27.4&#8243; _module_preset=&#8221;default&#8221; background_color=&#8221;#257e81&#8243; locked=&#8221;off&#8221; global_colors_info=&#8221;{}&#8221; theme_builder_area=&#8221;post_content&#8221;][et_pb_column type=&#8221;4_4&#8243; _builder_version=&#8221;4.27.4&#8243; _module_preset=&#8221;default&#8221; global_colors_info=&#8221;{}&#8221; theme_builder_area=&#8221;post_content&#8221;][et_pb_text _builder_version=&#8221;4.27.4&#8243; _module_preset=&#8221;default&#8221; header_2_text_color=&#8221;#FFFFFF&#8221; global_colors_info=&#8221;{}&#8221; theme_builder_area=&#8221;post_content&#8221;]<\/p>\n<h2 style=\"text-align: center;\"><strong>PLUS D&#8217;\u00c9TUDES DE CAS INPRO<\/strong><\/h2>\n<p>[\/et_pb_text][\/et_pb_column][\/et_pb_row][et_pb_row column_structure=&#8221;1_3,1_3,1_3&#8243; _builder_version=&#8221;4.27.4&#8243; _module_preset=&#8221;default&#8221; locked=&#8221;off&#8221; global_colors_info=&#8221;{}&#8221; theme_builder_area=&#8221;post_content&#8221;][et_pb_column type=&#8221;1_3&#8243; _builder_version=&#8221;4.27.4&#8243; _module_preset=&#8221;default&#8221; global_colors_info=&#8221;{}&#8221; theme_builder_area=&#8221;post_content&#8221;][et_pb_blurb title=&#8221;H\u00f4pitaux: des solutions sur mesure pour les projets d&#8217;ing\u00e9nierie&#8221; image=&#8221;https:\/\/www.inprord.com\/wp-content\/uploads\/2022\/02\/Children-Hospital-Dublin.png&#8221; _builder_version=&#8221;4.27.4&#8243; _module_preset=&#8221;default&#8221; link_option_url=&#8221;https:\/\/www.inprord.com\/fr\/solutions-projets-hospitaliers\/&#8221; global_colors_info=&#8221;{}&#8221; theme_builder_area=&#8221;post_content&#8221;][\/et_pb_blurb][et_pb_button button_url=&#8221;https:\/\/www.inprord.com\/fr\/solutions-projets-hospitaliers\/&#8221; button_text=&#8221;Voir plus de projets dans les h\u00f4pitaux publics ou priv\u00e9s&#8221; button_alignment=&#8221;center&#8221; _builder_version=&#8221;4.27.4&#8243; _module_preset=&#8221;default&#8221; custom_button=&#8221;on&#8221; button_text_color=&#8221;#FFFFFF&#8221; button_bg_color=&#8221;#257e81&#8243; button_border_color=&#8221;#257e81&#8243; locked=&#8221;off&#8221; global_colors_info=&#8221;{}&#8221; theme_builder_area=&#8221;post_content&#8221;][\/et_pb_button][\/et_pb_column][et_pb_column type=&#8221;1_3&#8243; _builder_version=&#8221;4.27.4&#8243; _module_preset=&#8221;default&#8221; global_colors_info=&#8221;{}&#8221; theme_builder_area=&#8221;post_content&#8221;][et_pb_blurb title=&#8221;B\u00e2timents publics et bureaux: Solutions pour les projets d&#8217;ing\u00e9nierie&#8221; image=&#8221;https:\/\/www.inprord.com\/wp-content\/uploads\/2022\/02\/Inditex-Data-Center-Spain.png&#8221; _builder_version=&#8221;4.27.4&#8243; _module_preset=&#8221;default&#8221; link_option_url=&#8221;https:\/\/www.inprord.com\/fr\/solutions-projets-bureaux-batiments-publics\/&#8221; global_colors_info=&#8221;{}&#8221; theme_builder_area=&#8221;post_content&#8221;][\/et_pb_blurb][et_pb_button button_url=&#8221;https:\/\/www.inprord.com\/fr\/solutions-projets-bureaux-batiments-publics\/&#8221; button_text=&#8221;Voir plus de projets dans les b\u00e2timents publics&#8221; button_alignment=&#8221;center&#8221; _builder_version=&#8221;4.27.4&#8243; _module_preset=&#8221;default&#8221; custom_button=&#8221;on&#8221; button_text_color=&#8221;#FFFFFF&#8221; button_bg_color=&#8221;#257e81&#8243; button_border_color=&#8221;#257e81&#8243; locked=&#8221;off&#8221; global_colors_info=&#8221;{}&#8221; theme_builder_area=&#8221;post_content&#8221;][\/et_pb_button][\/et_pb_column][et_pb_column type=&#8221;1_3&#8243; _builder_version=&#8221;4.27.4&#8243; _module_preset=&#8221;default&#8221; global_colors_info=&#8221;{}&#8221; theme_builder_area=&#8221;post_content&#8221;][et_pb_blurb title=&#8221;Solutions pour les centres de traitement des donn\u00e9es &#8221; image=&#8221;https:\/\/www.inprord.com\/wp-content\/uploads\/2022\/02\/Huawei-Cameroon.png&#8221; _builder_version=&#8221;4.27.4&#8243; _module_preset=&#8221;default&#8221; link_option_url=&#8221;https:\/\/www.inprord.com\/fr\/area_proyectos\/systemes-critiques-centres-de-donnees-centres-financiers\/&#8221; global_colors_info=&#8221;{}&#8221; theme_builder_area=&#8221;post_content&#8221;][\/et_pb_blurb][et_pb_button button_url=&#8221;https:\/\/www.inprord.com\/fr\/area_proyectos\/systemes-critiques-centres-de-donnees-centres-financiers\/&#8221; button_text=&#8221;Voir d&#8217;autres projets de centres de donn\u00e9es&#8221; button_alignment=&#8221;center&#8221; _builder_version=&#8221;4.27.4&#8243; _module_preset=&#8221;default&#8221; custom_button=&#8221;on&#8221; button_text_color=&#8221;#FFFFFF&#8221; button_bg_color=&#8221;#257e81&#8243; button_border_color=&#8221;#257e81&#8243; locked=&#8221;off&#8221; global_colors_info=&#8221;{}&#8221; theme_builder_area=&#8221;post_content&#8221;][\/et_pb_button][\/et_pb_column][\/et_pb_row][et_pb_row _builder_version=&#8221;4.24.0&#8243; _module_preset=&#8221;default&#8221; locked=&#8221;off&#8221; global_colors_info=&#8221;{}&#8221; theme_builder_area=&#8221;post_content&#8221;][et_pb_column type=&#8221;4_4&#8243; _builder_version=&#8221;4.24.0&#8243; _module_preset=&#8221;default&#8221; global_colors_info=&#8221;{}&#8221; theme_builder_area=&#8221;post_content&#8221;][et_pb_text _builder_version=&#8221;4.27.4&#8243; _module_preset=&#8221;default&#8221; global_colors_info=&#8221;{}&#8221; theme_builder_area=&#8221;post_content&#8221;]<\/p>\n<h3><strong><span data-contrast=\"none\" xml:lang=\"ES-ES\" lang=\"ES-ES\" class=\"TextRun SCXW217137557 BCX0\"><span class=\"NormalTextRun SCXW217137557 BCX0\">Pour plus d\u2019informations sur nos \u00e9quipements et nos projets:<\/span><\/span><\/strong><\/h3>\n<p><span>Pour plus d\u2019informations sur nos produits, services et projets dans des installations critiques, veuillez envoyer un courriel \u00e0\u00a0<a href=\"mailto:info@inprord.com\">info@inprord.com<\/a> ou remplir le formulaire suivant:<\/span><\/p>\n<p>[\/et_pb_text][dvppl_cf7_styler cf7=&#8221;5874&#8243; _builder_version=&#8221;4.27.4&#8243; _module_preset=&#8221;default&#8221; custom_submit_button=&#8221;on&#8221; submit_button_text_color=&#8221;#FFFFFF&#8221; submit_button_bg_color=&#8221;#257e81&#8243; submit_button_border_color=&#8221;#257e81&#8243; global_colors_info=&#8221;{}&#8221; theme_builder_area=&#8221;post_content&#8221;][\/dvppl_cf7_styler][\/et_pb_column][\/et_pb_row][\/et_pb_section]<\/p>\n","protected":false},"excerpt":{"rendered":"<p>La panne d&#8217;\u00e9lectricit\u00e9 qui a paralys\u00e9 une grande partie de l&#8217;Espagne et de la p\u00e9ninsule ib\u00e9rique a confront\u00e9 les supermarch\u00e9s \u00e0 une dure r\u00e9alit\u00e9 : la vuln\u00e9rabilit\u00e9 de la cha\u00eene du froid.<\/p>\n","protected":false},"author":14,"featured_media":33383,"comment_status":"closed","ping_status":"closed","sticky":false,"template":"","format":"standard","meta":{"_acf_changed":false,"_et_pb_use_builder":"on","_et_pb_old_content":"","_et_gb_content_width":"","footnotes":""},"categories":[390,394],"tags":[],"class_list":["post-33380","post","type-post","status-publish","format-standard","has-post-thumbnail","hentry","category-apagon-electrico","category-panne-electricite"],"acf":[],"_links":{"self":[{"href":"https:\/\/www.inprord.com\/fr\/wp-json\/wp\/v2\/posts\/33380","targetHints":{"allow":["GET"]}}],"collection":[{"href":"https:\/\/www.inprord.com\/fr\/wp-json\/wp\/v2\/posts"}],"about":[{"href":"https:\/\/www.inprord.com\/fr\/wp-json\/wp\/v2\/types\/post"}],"author":[{"embeddable":true,"href":"https:\/\/www.inprord.com\/fr\/wp-json\/wp\/v2\/users\/14"}],"replies":[{"embeddable":true,"href":"https:\/\/www.inprord.com\/fr\/wp-json\/wp\/v2\/comments?post=33380"}],"version-history":[{"count":15,"href":"https:\/\/www.inprord.com\/fr\/wp-json\/wp\/v2\/posts\/33380\/revisions"}],"predecessor-version":[{"id":33401,"href":"https:\/\/www.inprord.com\/fr\/wp-json\/wp\/v2\/posts\/33380\/revisions\/33401"}],"wp:featuredmedia":[{"embeddable":true,"href":"https:\/\/www.inprord.com\/fr\/wp-json\/wp\/v2\/media\/33383"}],"wp:attachment":[{"href":"https:\/\/www.inprord.com\/fr\/wp-json\/wp\/v2\/media?parent=33380"}],"wp:term":[{"taxonomy":"category","embeddable":true,"href":"https:\/\/www.inprord.com\/fr\/wp-json\/wp\/v2\/categories?post=33380"},{"taxonomy":"post_tag","embeddable":true,"href":"https:\/\/www.inprord.com\/fr\/wp-json\/wp\/v2\/tags?post=33380"}],"curies":[{"name":"wp","href":"https:\/\/api.w.org\/{rel}","templated":true}]}}